{"id":3613,"date":"2015-02-05T12:49:04","date_gmt":"2015-02-05T12:49:04","guid":{"rendered":"https:\/\/www.bonvent.cat\/?p=3613"},"modified":"2015-02-05T12:56:09","modified_gmt":"2015-02-05T12:56:09","slug":"la-historia-de-la-ropa-del-hogar-de-bon-vent","status":"publish","type":"post","link":"https:\/\/www.bonvent.cat\/es\/la-historia-de-la-ropa-del-hogar-de-bon-vent\/","title":{"rendered":"La historia de la ropa del hogar de Bon Vent (I)"},"content":{"rendered":"<h2 style=\"text-align: center;\"><span style=\"color: #3366ff;\">Bugada cantada, blancor assegurada<\/span><\/h2>\n<p>La costumbre era hacer la primera colada poco antes de Navidad, la segunda se hac\u00eda por febrero. Las lavanderas mientras picaban la ropa cantaban porque \u201ccre\u00edan que si la colada era bien cantada, la blancura estaba asegurada*\u201d. La siguiente canci\u00f3n es una de las que cantaban:<\/p>\n<p><em>&lt;&lt;Caterina va al riu \/ a rentar la bugada. \/ En passen tres galants, \/ tres l\u2019han saludada. \/ A on? \/ Sota el pont \/ Ja en diu el m\u00e9s petit: \/ \u201cOi, quina galant dama\u201d. \/ Respon el mitjanet: \u201cqui la tingu\u00e9s a la cambra!\u201d&gt;&gt;<\/em><\/p>\n<p>&nbsp;<\/p>\n<p>&nbsp;<\/p>\n<figure id=\"attachment_3595\" aria-describedby=\"caption-attachment-3595\" style=\"width: 300px\" class=\"wp-caption aligncenter\"><a href=\"https:\/\/www.bonvent.cat\/wp-content\/uploads\/2015\/02\/Safareig_Peniscola1930.jpg\"><img fetchpriority=\"high\" decoding=\"async\" class=\"wp-image-3595 size-medium\" src=\"https:\/\/www.bonvent.cat\/wp-content\/uploads\/2015\/02\/Safareig_Peniscola1930-300x202.jpg\" alt=\"Safareig_Peniscola1930\" width=\"300\" height=\"202\" \/><\/a><figcaption id=\"caption-attachment-3595\" class=\"wp-caption-text\">Imatge de l&#8217;Istitut cartogr\u00e0fic de Catalunya.<\/figcaption><\/figure>\n<p>&nbsp;<\/p>\n<p>Como marca la tradici\u00f3n hemos escogido el mes de febrero para presentar esta semana <span style=\"color: #3366ff;\">la colecci\u00f3n de la ropa del hogar que hemos preparado para Bon Vent<\/span>, y la siguiente para explicar algunos <span style=\"color: #3366ff;\">consejos valiosos para lavarla con el jab\u00f3n de Marsella<\/span>.<\/p>\n<p style=\"text-align: center;\"><a href=\"https:\/\/www.bonvent.cat\/wp-content\/uploads\/2015\/02\/IMG_85121.jpg\"><img decoding=\"async\" class=\"alignnone size-medium wp-image-3604\" src=\"https:\/\/www.bonvent.cat\/wp-content\/uploads\/2015\/02\/IMG_85121-236x300.jpg\" alt=\"IMG_8512\" width=\"236\" height=\"300\" \/><\/a><\/p>\n<h5 style=\"text-align: center;\"><span style=\"color: #3366ff;\">Una exquisita composici\u00f3n de los utensilios que utilizaban las lavanderas para lavar la ropa: el picador, la pala de picar, un cubo peque\u00f1o del jab\u00f3n de Marsella y la ropa bien blanca y plegada como resultado de la faena.<\/span><\/h5>\n<p>No podemos presentar la colecci\u00f3n sin hablar de <span style=\"color: #3366ff;\">Carme, la aut\u00e9ntica capitana de esta aventura<\/span>. Su ni\u00f1ez son recuerdos de una gratificante sensaci\u00f3n al abrir el armario y percibir el delicado olor a limpio; de las antiguas s\u00e1banas de la madre hechas con el lino que ella misma recolectaba y elaboraba hasta conseguir la fibra; de los peque\u00f1os sacos hechos con las s\u00e1banas viejas para guardar las legumbres; de los jaboncitos y el espliego para preservar la ropa\u2026<\/p>\n<p style=\"text-align: center;\"><a href=\"https:\/\/www.bonvent.cat\/wp-content\/uploads\/2015\/02\/IMG_8497.jpg\"><img decoding=\"async\" class=\"alignnone size-medium wp-image-3559\" src=\"https:\/\/www.bonvent.cat\/wp-content\/uploads\/2015\/02\/IMG_8497-300x215.jpg\" alt=\"IMG_8497\" width=\"300\" height=\"215\" \/><\/a><\/p>\n<p>&nbsp;<\/p>\n<h5 style=\"text-align: center;\"><span style=\"color: #3366ff;\">Colecci\u00f3n de trapos, servilletas y manteles ordenados con la meticulosidad que Carme recuerda los armarios de su madre.<\/span><\/h5>\n<p>De muy peque\u00f1a visitaba el taller de confecci\u00f3n que su prima ten\u00eda en casa y all\u00ed aprendi\u00f3 a coser, cortar y bordar junto con otras ni\u00f1as del pueblo. De esa \u00e9poca conserva el gusto por las piezas elaboradas a mano con sumo cuidado.<\/p>\n<p style=\"text-align: center;\"><a href=\"https:\/\/www.bonvent.cat\/wp-content\/uploads\/2015\/02\/IMG_8523.jpg\"><img loading=\"lazy\" decoding=\"async\" class=\"alignnone size-medium wp-image-3577\" src=\"https:\/\/www.bonvent.cat\/wp-content\/uploads\/2015\/02\/IMG_8523-300x267.jpg\" alt=\"IMG_8523\" width=\"300\" height=\"267\" \/><\/a><\/p>\n<h5 style=\"text-align: center;\"><span style=\"color: #3366ff;\">Detalle del bordado de una s\u00e1bana que refleja la minuciosidad y el cuidado con el que ha sido elaborado.<\/span><\/h5>\n<p>Carme propone las antiguas s\u00e1banas del ajuar como cortinas. Una opci\u00f3n original que reinventa su uso aportando un toque ligero y fresco a este tipo de pieza. En la tienda de Bon Vent puedes encontrar un ejemplo en el probador.<\/p>\n<p>Su pasi\u00f3n por los tejidos antiguos y la predilecci\u00f3n por mezclar manteles y servilletas de difrentes estilos y procedencias, en especial, los bordados de finales del siglo XIX y principios del XX con sus filigranas modernistas. El resultado de este gusto es la colecci\u00f3n de manteles y servilletas de lino lavadas en divertidos colores que mezcladas con las piezas antiguas crean un lenguaje contempor\u00e1neo y <em>casual.<\/em><\/p>\n<p><a href=\"https:\/\/www.bonvent.cat\/wp-content\/uploads\/2015\/02\/bon-vent-llirentat.jpg\"><img loading=\"lazy\" decoding=\"async\" class=\" size-medium wp-image-3547 aligncenter\" src=\"https:\/\/www.bonvent.cat\/wp-content\/uploads\/2015\/02\/bon-vent-llirentat-300x300.jpg\" alt=\"bon vent llirentat\" width=\"300\" height=\"300\" \/><\/a><\/p>\n<p>Manteles y servilletas confeccionadas en lino y posteriormente te\u00f1idos en diferentes colores. Una gama de tonos naturales y p\u00e1lidos. La particularidad del lino lavado es que no hace falta plancharlo. Rompemos con algunos esquemas que hacen de este material tradicional un pr\u00e1ctico elemento para disfrutar de una mesa de estilo mediterr\u00e1neo, relajada y original.<\/p>\n<p style=\"text-align: center;\"><a href=\"https:\/\/www.bonvent.cat\/wp-content\/uploads\/2015\/02\/llirentatcolors.jpg\"><img loading=\"lazy\" decoding=\"async\" class=\"alignnone size-medium wp-image-3592\" src=\"https:\/\/www.bonvent.cat\/wp-content\/uploads\/2015\/02\/llirentatcolors-225x300.jpg\" alt=\"llirentatcolors\" width=\"225\" height=\"300\" \/><\/a><\/p>\n<h5 style=\"text-align: center;\"><span style=\"color: #3366ff;\">Gama de colores de las piezas de lino lavado.<\/span><\/h5>\n<p>La creatividad, el entusiasmo con la que ha sido confeccionada y su particular historia son <span style=\"color: #3366ff;\">el sello de nuestra ropa del hogar.<\/span><\/p>\n<p>A continuaci\u00f3n os mostramos algunos de los tesoros que Carme ha seleccionado con dedicaci\u00f3n para esta presentaci\u00f3n:<a href=\"https:\/\/www.bonvent.cat\/wp-content\/uploads\/2015\/02\/IMG_8563.jpg\"><img loading=\"lazy\" decoding=\"async\" class=\" size-medium wp-image-3589 aligncenter\" src=\"https:\/\/www.bonvent.cat\/wp-content\/uploads\/2015\/02\/IMG_8563-173x300.jpg\" alt=\"IMG_8563\" width=\"173\" height=\"300\" \/><\/a><\/p>\n<h5 style=\"text-align: center;\"><span style=\"color: #3366ff;\">Trapo de cocina de lino en color natural. Lleva bordadas las iniciales \u201cFH\u201d en rojo.<\/span><\/h5>\n<p style=\"text-align: center;\"><span style=\"color: #3366ff;\"><a href=\"https:\/\/www.bonvent.cat\/wp-content\/uploads\/2015\/02\/IMG_8547.jpg\"><img loading=\"lazy\" decoding=\"async\" class=\"alignnone size-medium wp-image-3586\" src=\"https:\/\/www.bonvent.cat\/wp-content\/uploads\/2015\/02\/IMG_8547-238x300.jpg\" alt=\"IMG_8547\" width=\"238\" height=\"300\" \/><\/a><\/span><\/p>\n<h5 style=\"text-align: center;\"><span style=\"color: #3366ff;\">Manteles de lino con un fino bordado en azul y rojo combinados con un plato pintado a mano del modelo Mary-Lou de Digoin (Sarreguemines) de los a\u00f1os 50 de tonalidades parecidas.<\/span><\/h5>\n<h5 style=\"text-align: center;\"><span style=\"color: #3366ff;\"><a href=\"https:\/\/www.bonvent.cat\/wp-content\/uploads\/2015\/02\/IMG_8521.jpg\"><img loading=\"lazy\" decoding=\"async\" class=\"alignnone size-medium wp-image-3574\" src=\"https:\/\/www.bonvent.cat\/wp-content\/uploads\/2015\/02\/IMG_8521-200x300.jpg\" alt=\"IMG_8521\" width=\"200\" height=\"300\" \/><\/a><\/span><\/h5>\n<h5 style=\"text-align: center;\"><span style=\"color: #3366ff;\">Bonito mantele bordado de Lagartera con flores\u00a0 que evocan el campo y la primavera.<\/span><\/h5>\n<p style=\"text-align: center;\"><a href=\"https:\/\/www.bonvent.cat\/wp-content\/uploads\/2015\/02\/IMG_8533.jpg\"><img loading=\"lazy\" decoding=\"async\" class=\"alignnone size-medium wp-image-3580\" src=\"https:\/\/www.bonvent.cat\/wp-content\/uploads\/2015\/02\/IMG_8533-200x300.jpg\" alt=\"IMG_8533\" width=\"200\" height=\"300\" \/><\/a><\/p>\n<h5 style=\"text-align: center;\"><span style=\"color: #3366ff;\">Servilletas de color rosa p\u00e1lido bordadas en los extremos y con un detalle en un lado. Junto con el plato de flores de la Cartuja crea un conjunto que evoca las meriendas de pan y chocolate.<\/span><\/h5>\n<h3 style=\"text-align: center;\">\u00bfQu\u00e9 ropa te gusta m\u00e1s o crees que mejor quedar\u00eda con tu vajilla?<\/h3>\n<p style=\"text-align: center;\">\u00a1Te esperamos la pr\u00f3xima semana con un contenido muy pr\u00e1ctico que seguro que te sorprender\u00e1!<br \/>\nHasta pronto.<\/p>\n<p>*Fuente: http:\/\/etimologies.dites.cat\/2009\/11\/fer-bugada.html<\/p>\n","protected":false},"excerpt":{"rendered":"<p>Bugada cantada, blancor assegurada La costumbre era hacer la primera colada poco antes de Navidad, la segunda se hac\u00eda por febrero. Las lavanderas mientras picaban la ropa cantaban porque \u201ccre\u00edan que si la colada era bien cantada, la blancura estaba asegurada*\u201d. La siguiente canci\u00f3n es una de las que cantaban: &lt;&lt;Caterina va al riu \/ [&hellip;]<\/p>\n","protected":false},"author":2,"featured_media":3553,"comment_status":"closed","ping_status":"open","sticky":false,"template":"","format":"standard","meta":{"footnotes":""},"categories":[259,283,282,281],"tags":[244,284,286,287,285],"class_list":["post-3613","post","type-post","status-publish","format-standard","has-post-thumbnail","hentry","category-antiguo","category-lino-lavado","category-manteles-y-servilletas","category-ropa-de-hogar-antigua","tag-antiguo-2","tag-lino-lavado","tag-manteles","tag-ropa-de-hogar","tag-servilletas"],"yoast_head":"<!-- This site is optimized with the Yoast SEO plugin v25.3.1 - https:\/\/yoast.com\/wordpress\/plugins\/seo\/ -->\n<title>La historia de la ropa del hogar de Bon Vent (I)<\/title>\n<meta name=\"description\" content=\"Ropa del hogar confeccionada en lino y posteriormente te\u00f1ida en diferentes colores. Una gama de tonos naturales y p\u00e1lidos. La particularidad del lino lavado es que no hace falta plancharlo.\" \/>\n<meta name=\"robots\" content=\"index, follow, max-snippet:-1, max-image-preview:large, max-video-preview:-1\" \/>\n<link rel=\"canonical\" href=\"https:\/\/www.bonvent.cat\/es\/la-historia-de-la-ropa-del-hogar-de-bon-vent\/\" \/>\n<meta property=\"og:locale\" content=\"es_ES\" \/>\n<meta property=\"og:type\" content=\"article\" \/>\n<meta property=\"og:title\" content=\"La historia de la ropa del hogar de Bon Vent (I)\" \/>\n<meta property=\"og:description\" content=\"Ropa del hogar confeccionada en lino y posteriormente te\u00f1ida en diferentes colores. Una gama de tonos naturales y p\u00e1lidos. La particularidad del lino lavado es que no hace falta plancharlo.\" \/>\n<meta property=\"og:url\" content=\"https:\/\/www.bonvent.cat\/es\/la-historia-de-la-ropa-del-hogar-de-bon-vent\/\" \/>\n<meta property=\"og:site_name\" content=\"Bon Vent\" \/>\n<meta property=\"article:publisher\" content=\"https:\/\/www.facebook.com\/bonventbcn?ref=hl\" \/>\n<meta property=\"article:published_time\" content=\"2015-02-05T12:49:04+00:00\" \/>\n<meta property=\"article:modified_time\" content=\"2015-02-05T12:56:09+00:00\" \/>\n<meta property=\"og:image\" content=\"https:\/\/www.bonvent.cat\/wp-content\/uploads\/2015\/02\/BUGADERA-MARTA.jpg\" \/>\n\t<meta property=\"og:image:width\" content=\"531\" \/>\n\t<meta property=\"og:image:height\" content=\"797\" \/>\n\t<meta property=\"og:image:type\" content=\"image\/jpeg\" \/>\n<meta name=\"author\" content=\"bon vent\" \/>\n<meta name=\"twitter:label1\" content=\"Escrito por\" \/>\n\t<meta name=\"twitter:data1\" content=\"bon vent\" \/>\n\t<meta name=\"twitter:label2\" content=\"Tiempo de lectura\" \/>\n\t<meta name=\"twitter:data2\" content=\"4 minutos\" \/>\n<script type=\"application\/ld+json\" class=\"yoast-schema-graph\">{\"@context\":\"https:\/\/schema.org\",\"@graph\":[{\"@type\":\"Article\",\"@id\":\"https:\/\/www.bonvent.cat\/es\/la-historia-de-la-ropa-del-hogar-de-bon-vent\/#article\",\"isPartOf\":{\"@id\":\"https:\/\/www.bonvent.cat\/es\/la-historia-de-la-ropa-del-hogar-de-bon-vent\/\"},\"author\":{\"name\":\"bon vent\",\"@id\":\"https:\/\/www.bonvent.cat\/es\/#\/schema\/person\/9d2139f5f30a106be3559f087f5b65ac\"},\"headline\":\"La historia de la ropa del hogar de Bon Vent (I)\",\"datePublished\":\"2015-02-05T12:49:04+00:00\",\"dateModified\":\"2015-02-05T12:56:09+00:00\",\"mainEntityOfPage\":{\"@id\":\"https:\/\/www.bonvent.cat\/es\/la-historia-de-la-ropa-del-hogar-de-bon-vent\/\"},\"wordCount\":745,\"publisher\":{\"@id\":\"https:\/\/www.bonvent.cat\/es\/#organization\"},\"image\":{\"@id\":\"https:\/\/www.bonvent.cat\/es\/la-historia-de-la-ropa-del-hogar-de-bon-vent\/#primaryimage\"},\"thumbnailUrl\":\"https:\/\/www.bonvent.cat\/wp-content\/uploads\/2015\/02\/BUGADERA-MARTA.jpg\",\"keywords\":[\"Antiguo\",\"lino lavado\",\"manteles\",\"ropa de hogar\",\"servilletas\"],\"articleSection\":[\"Antiguo\",\"Lino lavado\",\"Manteles y servilletas\",\"Ropa de hogar antigua\"],\"inLanguage\":\"es\"},{\"@type\":\"WebPage\",\"@id\":\"https:\/\/www.bonvent.cat\/es\/la-historia-de-la-ropa-del-hogar-de-bon-vent\/\",\"url\":\"https:\/\/www.bonvent.cat\/es\/la-historia-de-la-ropa-del-hogar-de-bon-vent\/\",\"name\":\"La historia de la ropa del hogar de Bon Vent (I)\",\"isPartOf\":{\"@id\":\"https:\/\/www.bonvent.cat\/es\/#website\"},\"primaryImageOfPage\":{\"@id\":\"https:\/\/www.bonvent.cat\/es\/la-historia-de-la-ropa-del-hogar-de-bon-vent\/#primaryimage\"},\"image\":{\"@id\":\"https:\/\/www.bonvent.cat\/es\/la-historia-de-la-ropa-del-hogar-de-bon-vent\/#primaryimage\"},\"thumbnailUrl\":\"https:\/\/www.bonvent.cat\/wp-content\/uploads\/2015\/02\/BUGADERA-MARTA.jpg\",\"datePublished\":\"2015-02-05T12:49:04+00:00\",\"dateModified\":\"2015-02-05T12:56:09+00:00\",\"description\":\"Ropa del hogar confeccionada en lino y posteriormente te\u00f1ida en diferentes colores. Una gama de tonos naturales y p\u00e1lidos. La particularidad del lino lavado es que no hace falta plancharlo.\",\"breadcrumb\":{\"@id\":\"https:\/\/www.bonvent.cat\/es\/la-historia-de-la-ropa-del-hogar-de-bon-vent\/#breadcrumb\"},\"inLanguage\":\"es\",\"potentialAction\":[{\"@type\":\"ReadAction\",\"target\":[\"https:\/\/www.bonvent.cat\/es\/la-historia-de-la-ropa-del-hogar-de-bon-vent\/\"]}]},{\"@type\":\"ImageObject\",\"inLanguage\":\"es\",\"@id\":\"https:\/\/www.bonvent.cat\/es\/la-historia-de-la-ropa-del-hogar-de-bon-vent\/#primaryimage\",\"url\":\"https:\/\/www.bonvent.cat\/wp-content\/uploads\/2015\/02\/BUGADERA-MARTA.jpg\",\"contentUrl\":\"https:\/\/www.bonvent.cat\/wp-content\/uploads\/2015\/02\/BUGADERA-MARTA.jpg\",\"width\":531,\"height\":797},{\"@type\":\"BreadcrumbList\",\"@id\":\"https:\/\/www.bonvent.cat\/es\/la-historia-de-la-ropa-del-hogar-de-bon-vent\/#breadcrumb\",\"itemListElement\":[{\"@type\":\"ListItem\",\"position\":1,\"name\":\"Inici\",\"item\":\"https:\/\/www.bonvent.cat\/es\/\"},{\"@type\":\"ListItem\",\"position\":2,\"name\":\"La historia de la ropa del hogar de Bon Vent (I)\"}]},{\"@type\":\"WebSite\",\"@id\":\"https:\/\/www.bonvent.cat\/es\/#website\",\"url\":\"https:\/\/www.bonvent.cat\/es\/\",\"name\":\"Bon Vent\",\"description\":\"Botiga d\u2019inspiraci\u00f3 mediterr\u00e0nia\",\"publisher\":{\"@id\":\"https:\/\/www.bonvent.cat\/es\/#organization\"},\"potentialAction\":[{\"@type\":\"SearchAction\",\"target\":{\"@type\":\"EntryPoint\",\"urlTemplate\":\"https:\/\/www.bonvent.cat\/es\/?s={search_term_string}\"},\"query-input\":{\"@type\":\"PropertyValueSpecification\",\"valueRequired\":true,\"valueName\":\"search_term_string\"}}],\"inLanguage\":\"es\"},{\"@type\":\"Organization\",\"@id\":\"https:\/\/www.bonvent.cat\/es\/#organization\",\"name\":\"Bon Vent\",\"url\":\"https:\/\/www.bonvent.cat\/es\/\",\"logo\":{\"@type\":\"ImageObject\",\"inLanguage\":\"es\",\"@id\":\"https:\/\/www.bonvent.cat\/es\/#\/schema\/logo\/image\/\",\"url\":\"https:\/\/www.bonvent.cat\/wp-content\/uploads\/2021\/11\/logoh.png\",\"contentUrl\":\"https:\/\/www.bonvent.cat\/wp-content\/uploads\/2021\/11\/logoh.png\",\"width\":640,\"height\":121,\"caption\":\"Bon Vent\"},\"image\":{\"@id\":\"https:\/\/www.bonvent.cat\/es\/#\/schema\/logo\/image\/\"},\"sameAs\":[\"https:\/\/www.facebook.com\/bonventbcn?ref=hl\",\"https:\/\/www.instagram.com\/bon_ventbarcelona\/\",\"https:\/\/es.pinterest.com\/BONVENTmed\/\"]},{\"@type\":\"Person\",\"@id\":\"https:\/\/www.bonvent.cat\/es\/#\/schema\/person\/9d2139f5f30a106be3559f087f5b65ac\",\"name\":\"bon vent\",\"sameAs\":[\"http:\/\/www.bonvent.cat\"],\"url\":\"https:\/\/www.bonvent.cat\/es\/author\/bon-vent\/\"}]}<\/script>\n<!-- \/ Yoast SEO plugin. -->","yoast_head_json":{"title":"La historia de la ropa del hogar de Bon Vent (I)","description":"Ropa del hogar confeccionada en lino y posteriormente te\u00f1ida en diferentes colores. Una gama de tonos naturales y p\u00e1lidos. La particularidad del lino lavado es que no hace falta plancharlo.","robots":{"index":"index","follow":"follow","max-snippet":"max-snippet:-1","max-image-preview":"max-image-preview:large","max-video-preview":"max-video-preview:-1"},"canonical":"https:\/\/www.bonvent.cat\/es\/la-historia-de-la-ropa-del-hogar-de-bon-vent\/","og_locale":"es_ES","og_type":"article","og_title":"La historia de la ropa del hogar de Bon Vent (I)","og_description":"Ropa del hogar confeccionada en lino y posteriormente te\u00f1ida en diferentes colores. Una gama de tonos naturales y p\u00e1lidos. La particularidad del lino lavado es que no hace falta plancharlo.","og_url":"https:\/\/www.bonvent.cat\/es\/la-historia-de-la-ropa-del-hogar-de-bon-vent\/","og_site_name":"Bon Vent","article_publisher":"https:\/\/www.facebook.com\/bonventbcn?ref=hl","article_published_time":"2015-02-05T12:49:04+00:00","article_modified_time":"2015-02-05T12:56:09+00:00","og_image":[{"width":531,"height":797,"url":"https:\/\/www.bonvent.cat\/wp-content\/uploads\/2015\/02\/BUGADERA-MARTA.jpg","type":"image\/jpeg"}],"author":"bon vent","twitter_misc":{"Escrito por":"bon vent","Tiempo de lectura":"4 minutos"},"schema":{"@context":"https:\/\/schema.org","@graph":[{"@type":"Article","@id":"https:\/\/www.bonvent.cat\/es\/la-historia-de-la-ropa-del-hogar-de-bon-vent\/#article","isPartOf":{"@id":"https:\/\/www.bonvent.cat\/es\/la-historia-de-la-ropa-del-hogar-de-bon-vent\/"},"author":{"name":"bon vent","@id":"https:\/\/www.bonvent.cat\/es\/#\/schema\/person\/9d2139f5f30a106be3559f087f5b65ac"},"headline":"La historia de la ropa del hogar de Bon Vent (I)","datePublished":"2015-02-05T12:49:04+00:00","dateModified":"2015-02-05T12:56:09+00:00","mainEntityOfPage":{"@id":"https:\/\/www.bonvent.cat\/es\/la-historia-de-la-ropa-del-hogar-de-bon-vent\/"},"wordCount":745,"publisher":{"@id":"https:\/\/www.bonvent.cat\/es\/#organization"},"image":{"@id":"https:\/\/www.bonvent.cat\/es\/la-historia-de-la-ropa-del-hogar-de-bon-vent\/#primaryimage"},"thumbnailUrl":"https:\/\/www.bonvent.cat\/wp-content\/uploads\/2015\/02\/BUGADERA-MARTA.jpg","keywords":["Antiguo","lino lavado","manteles","ropa de hogar","servilletas"],"articleSection":["Antiguo","Lino lavado","Manteles y servilletas","Ropa de hogar antigua"],"inLanguage":"es"},{"@type":"WebPage","@id":"https:\/\/www.bonvent.cat\/es\/la-historia-de-la-ropa-del-hogar-de-bon-vent\/","url":"https:\/\/www.bonvent.cat\/es\/la-historia-de-la-ropa-del-hogar-de-bon-vent\/","name":"La historia de la ropa del hogar de Bon Vent (I)","isPartOf":{"@id":"https:\/\/www.bonvent.cat\/es\/#website"},"primaryImageOfPage":{"@id":"https:\/\/www.bonvent.cat\/es\/la-historia-de-la-ropa-del-hogar-de-bon-vent\/#primaryimage"},"image":{"@id":"https:\/\/www.bonvent.cat\/es\/la-historia-de-la-ropa-del-hogar-de-bon-vent\/#primaryimage"},"thumbnailUrl":"https:\/\/www.bonvent.cat\/wp-content\/uploads\/2015\/02\/BUGADERA-MARTA.jpg","datePublished":"2015-02-05T12:49:04+00:00","dateModified":"2015-02-05T12:56:09+00:00","description":"Ropa del hogar confeccionada en lino y posteriormente te\u00f1ida en diferentes colores. Una gama de tonos naturales y p\u00e1lidos. La particularidad del lino lavado es que no hace falta plancharlo.","breadcrumb":{"@id":"https:\/\/www.bonvent.cat\/es\/la-historia-de-la-ropa-del-hogar-de-bon-vent\/#breadcrumb"},"inLanguage":"es","potentialAction":[{"@type":"ReadAction","target":["https:\/\/www.bonvent.cat\/es\/la-historia-de-la-ropa-del-hogar-de-bon-vent\/"]}]},{"@type":"ImageObject","inLanguage":"es","@id":"https:\/\/www.bonvent.cat\/es\/la-historia-de-la-ropa-del-hogar-de-bon-vent\/#primaryimage","url":"https:\/\/www.bonvent.cat\/wp-content\/uploads\/2015\/02\/BUGADERA-MARTA.jpg","contentUrl":"https:\/\/www.bonvent.cat\/wp-content\/uploads\/2015\/02\/BUGADERA-MARTA.jpg","width":531,"height":797},{"@type":"BreadcrumbList","@id":"https:\/\/www.bonvent.cat\/es\/la-historia-de-la-ropa-del-hogar-de-bon-vent\/#breadcrumb","itemListElement":[{"@type":"ListItem","position":1,"name":"Inici","item":"https:\/\/www.bonvent.cat\/es\/"},{"@type":"ListItem","position":2,"name":"La historia de la ropa del hogar de Bon Vent (I)"}]},{"@type":"WebSite","@id":"https:\/\/www.bonvent.cat\/es\/#website","url":"https:\/\/www.bonvent.cat\/es\/","name":"Bon Vent","description":"Botiga d\u2019inspiraci\u00f3 mediterr\u00e0nia","publisher":{"@id":"https:\/\/www.bonvent.cat\/es\/#organization"},"potentialAction":[{"@type":"SearchAction","target":{"@type":"EntryPoint","urlTemplate":"https:\/\/www.bonvent.cat\/es\/?s={search_term_string}"},"query-input":{"@type":"PropertyValueSpecification","valueRequired":true,"valueName":"search_term_string"}}],"inLanguage":"es"},{"@type":"Organization","@id":"https:\/\/www.bonvent.cat\/es\/#organization","name":"Bon Vent","url":"https:\/\/www.bonvent.cat\/es\/","logo":{"@type":"ImageObject","inLanguage":"es","@id":"https:\/\/www.bonvent.cat\/es\/#\/schema\/logo\/image\/","url":"https:\/\/www.bonvent.cat\/wp-content\/uploads\/2021\/11\/logoh.png","contentUrl":"https:\/\/www.bonvent.cat\/wp-content\/uploads\/2021\/11\/logoh.png","width":640,"height":121,"caption":"Bon Vent"},"image":{"@id":"https:\/\/www.bonvent.cat\/es\/#\/schema\/logo\/image\/"},"sameAs":["https:\/\/www.facebook.com\/bonventbcn?ref=hl","https:\/\/www.instagram.com\/bon_ventbarcelona\/","https:\/\/es.pinterest.com\/BONVENTmed\/"]},{"@type":"Person","@id":"https:\/\/www.bonvent.cat\/es\/#\/schema\/person\/9d2139f5f30a106be3559f087f5b65ac","name":"bon vent","sameAs":["http:\/\/www.bonvent.cat"],"url":"https:\/\/www.bonvent.cat\/es\/author\/bon-vent\/"}]}},"_links":{"self":[{"href":"https:\/\/www.bonvent.cat\/es\/wp-json\/wp\/v2\/posts\/3613","targetHints":{"allow":["GET"]}}],"collection":[{"href":"https:\/\/www.bonvent.cat\/es\/wp-json\/wp\/v2\/posts"}],"about":[{"href":"https:\/\/www.bonvent.cat\/es\/wp-json\/wp\/v2\/types\/post"}],"author":[{"embeddable":true,"href":"https:\/\/www.bonvent.cat\/es\/wp-json\/wp\/v2\/users\/2"}],"replies":[{"embeddable":true,"href":"https:\/\/www.bonvent.cat\/es\/wp-json\/wp\/v2\/comments?post=3613"}],"version-history":[{"count":0,"href":"https:\/\/www.bonvent.cat\/es\/wp-json\/wp\/v2\/posts\/3613\/revisions"}],"wp:featuredmedia":[{"embeddable":true,"href":"https:\/\/www.bonvent.cat\/es\/wp-json\/wp\/v2\/media\/3553"}],"wp:attachment":[{"href":"https:\/\/www.bonvent.cat\/es\/wp-json\/wp\/v2\/media?parent=3613"}],"wp:term":[{"taxonomy":"category","embeddable":true,"href":"https:\/\/www.bonvent.cat\/es\/wp-json\/wp\/v2\/categories?post=3613"},{"taxonomy":"post_tag","embeddable":true,"href":"https:\/\/www.bonvent.cat\/es\/wp-json\/wp\/v2\/tags?post=3613"}],"curies":[{"name":"wp","href":"https:\/\/api.w.org\/{rel}","templated":true}]}}