{"id":9943,"date":"2017-04-28T10:48:08","date_gmt":"2017-04-28T08:48:08","guid":{"rendered":"https:\/\/www.bonvent.cat\/?p=9943\/"},"modified":"2017-04-28T10:51:27","modified_gmt":"2017-04-28T08:51:27","slug":"sant-jordi-nos-trae-al-artista-jean-cocteau","status":"publish","type":"post","link":"https:\/\/www.bonvent.cat\/es\/sant-jordi-nos-trae-al-artista-jean-cocteau\/","title":{"rendered":"Sant Jordi nos trae al artista Jean Cocteau"},"content":{"rendered":"<p>Sant Jordi es una de nuestras fiestas favoritas del a\u00f1o. Disfrutar de la ciudad y del ambiente festivo paseando por las calles llenas de rosas y libros &#8230; es, sin duda, nuestro d\u00eda del Amor!<\/p>\n<p>&nbsp;<\/p>\n<p><a href=\"https:\/\/www.bonvent.cat\/wp-content\/uploads\/2017\/04\/e6d8bb44cc2da807953b4c18d3e4b5dc.jpg\"><img fetchpriority=\"high\" decoding=\"async\" class=\"size-medium wp-image-9885 aligncenter\" src=\"https:\/\/www.bonvent.cat\/wp-content\/uploads\/2017\/04\/e6d8bb44cc2da807953b4c18d3e4b5dc-240x300.jpg\" alt=\"\" width=\"240\" height=\"300\" \/><\/a><\/p>\n<p style=\"text-align: center;\">Enamorado de tu pareja o enamorado de la cultura, da lo mismo! Seguro que alguna rosa o libro recibir\u00e1s.<\/p>\n<p>&nbsp;<\/p>\n<p>Adem\u00e1s, este a\u00f1o es a\u00fan m\u00e1s especial, ya que cae en domingo y muchos podr\u00e1n disfrutarlo como nunca.<\/p>\n<p>A nosotros nos llega en un momento clave, ya que nos encontramos inmersos en el mundo del artista Jean Cocteau, gracias a la nueva colecci\u00f3n de <a href=\"http:\/\/www.medwinds.com\">Medwinds. <\/a>Encontraremos las ilustraciones con las que decor\u00f3 la Villa Santo Suspiro, en Cap Ferrat, tambi\u00e9n conocida como \u00abVilla Tatoo\u00bb.<\/p>\n<p><a href=\"https:\/\/www.bonvent.cat\/wp-content\/uploads\/2017\/04\/villa-1.jpg\"><img decoding=\"async\" class=\"aligncenter wp-image-9924 size-full\" src=\"https:\/\/www.bonvent.cat\/wp-content\/uploads\/2017\/04\/villa-1.jpg\" alt=\"\" width=\"620\" height=\"392\" \/><\/a><\/p>\n<p>&nbsp;<\/p>\n<p>Es el escenario id\u00f3neo para una colecci\u00f3n de hombre y mujer inspirada en los veranos de la Riviera Francesa. Piezas ligeras de l\u00edneas vol\u00e1tiles y tejidos vaporosos con intensos colores.<a href=\"https:\/\/www.bonvent.cat\/wp-content\/uploads\/2017\/04\/foto2-e1493114579990.jpg\"><img decoding=\"async\" class=\"wp-image-9879 size-full aligncenter\" src=\"https:\/\/www.bonvent.cat\/wp-content\/uploads\/2017\/04\/foto2-e1493114579990.jpg\" alt=\"medwinds camisa dona estiu 2017\" width=\"620\" height=\"438\" \/><\/a><\/p>\n<p>&nbsp;<\/p>\n<p>&nbsp;<\/p>\n<p>Para ellas, refinados vestidos de viscosa con mangas de volantes. Maxi pantalones combinados con estrechas americanas y amplias camisas que desdibujan la silueta.<\/p>\n<p>&nbsp;<\/p>\n<p><a href=\"https:\/\/www.bonvent.cat\/wp-content\/uploads\/2017\/04\/MW01005-001_A.jpg\"><img loading=\"lazy\" decoding=\"async\" class=\"size-medium wp-image-9927 alignleft\" src=\"https:\/\/www.bonvent.cat\/wp-content\/uploads\/2017\/04\/MW01005-001_A-200x300.jpg\" alt=\"\" width=\"200\" height=\"300\" \/><\/a>Para ellos, pantalones anchos de tiro alto, camisas largas y chaquetas que nos recuerdan el vestuario de los antiguos marineros.<\/p>\n<p>&nbsp;<\/p>\n<p>Piezas concebidas siempre en materiales naturales: como el algod\u00f3n, el lino y la viscosa. Algunos tejidos son en raya marinera, cuadro vichy y lunares, con una clara intenci\u00f3n de recrear el estilo de los a\u00f1os cinquenta y una reminiscencia de la cultura francesca.<\/p>\n<p>&nbsp;<\/p>\n<p>El ojo en forma de pez, que Jean Cocteau dibuj\u00f3 en las paredes de la casa, se convierte en el protagonista de los tejidos para americanas, trajes y camisas.<\/p>\n<p>&nbsp;<\/p>\n<p>Para esta temporada los accesorios adquieren gran protagonismo: Alpargatas y acordonados bicolor.<\/p>\n<p>&nbsp;<\/p>\n<h4 style=\"text-align: center;\">Como veis, el Sant Jordi nos encuentra rodeados de arte!<a href=\"https:\/\/www.bonvent.cat\/wp-content\/uploads\/2017\/04\/MM01003-007_E.jpg\"><img loading=\"lazy\" decoding=\"async\" class=\"size-medium wp-image-9930 alignright\" src=\"https:\/\/www.bonvent.cat\/wp-content\/uploads\/2017\/04\/MM01003-007_E-200x300.jpg\" alt=\"\" width=\"200\" height=\"300\" \/><\/a><\/h4>\n<p>&nbsp;<\/p>\n<p style=\"text-align: left;\">As\u00ed que este domingo cuando salgas a dar una vuelta, pasa a visitarnos, os estaremos esperando.<\/p>\n<p style=\"text-align: left;\">Quedar\u00e9is enamorados!<\/p>\n<h2 style=\"text-align: center;\">Feliz Sant Jordi!<\/h2>\n","protected":false},"excerpt":{"rendered":"<p>Sant Jordi es una de nuestras fiestas favoritas del a\u00f1o. Disfrutar de la ciudad y del ambiente festivo paseando por las calles llenas de rosas y libros &#8230; es, sin duda, nuestro d\u00eda del Amor! &nbsp; Enamorado de tu pareja o enamorado de la cultura, da lo mismo! Seguro que alguna rosa o libro recibir\u00e1s. [&hellip;]<\/p>\n","protected":false},"author":2,"featured_media":0,"comment_status":"closed","ping_status":"open","sticky":false,"template":"","format":"standard","meta":{"footnotes":""},"categories":[310],"tags":[458,459,453,449,460,450],"class_list":["post-9943","post","type-post","status-publish","format-standard","hentry","category-zapatos","tag-amor","tag-arte","tag-cultura","tag-medwinds","tag-ropa","tag-sant-jordi"],"yoast_head":"<!-- This site is optimized with the Yoast SEO plugin v25.3.1 - https:\/\/yoast.com\/wordpress\/plugins\/seo\/ -->\n<title>Sant Jordi nos trae al artista Jean Cocteau - Bon Vent<\/title>\n<meta name=\"description\" content=\"Sant Jordi es la fiesta del Amor. Enamorados de la cultura, esta temporada presentamos la colecci\u00f3n de ropa de la marca Medwinds inspirada en Jean Cocteau.\" \/>\n<meta name=\"robots\" content=\"index, follow, max-snippet:-1, max-image-preview:large, max-video-preview:-1\" \/>\n<link rel=\"canonical\" href=\"https:\/\/www.bonvent.cat\/es\/sant-jordi-nos-trae-al-artista-jean-cocteau\/\" \/>\n<meta property=\"og:locale\" content=\"es_ES\" \/>\n<meta property=\"og:type\" content=\"article\" \/>\n<meta property=\"og:title\" content=\"Sant Jordi nos trae al artista Jean Cocteau - Bon Vent\" \/>\n<meta property=\"og:description\" content=\"Sant Jordi es la fiesta del Amor. Enamorados de la cultura, esta temporada presentamos la colecci\u00f3n de ropa de la marca Medwinds inspirada en Jean Cocteau.\" \/>\n<meta property=\"og:url\" content=\"https:\/\/www.bonvent.cat\/es\/sant-jordi-nos-trae-al-artista-jean-cocteau\/\" \/>\n<meta property=\"og:site_name\" content=\"Bon Vent\" \/>\n<meta property=\"article:publisher\" content=\"https:\/\/www.facebook.com\/bonventbcn?ref=hl\" \/>\n<meta property=\"article:published_time\" content=\"2017-04-28T08:48:08+00:00\" \/>\n<meta property=\"article:modified_time\" content=\"2017-04-28T08:51:27+00:00\" \/>\n<meta name=\"author\" content=\"bon vent\" \/>\n<meta name=\"twitter:label1\" content=\"Escrito por\" \/>\n\t<meta name=\"twitter:data1\" content=\"bon vent\" \/>\n\t<meta name=\"twitter:label2\" content=\"Tiempo de lectura\" \/>\n\t<meta name=\"twitter:data2\" content=\"2 minutos\" \/>\n<script type=\"application\/ld+json\" class=\"yoast-schema-graph\">{\"@context\":\"https:\/\/schema.org\",\"@graph\":[{\"@type\":\"Article\",\"@id\":\"https:\/\/www.bonvent.cat\/es\/sant-jordi-nos-trae-al-artista-jean-cocteau\/#article\",\"isPartOf\":{\"@id\":\"https:\/\/www.bonvent.cat\/es\/sant-jordi-nos-trae-al-artista-jean-cocteau\/\"},\"author\":{\"name\":\"bon vent\",\"@id\":\"https:\/\/www.bonvent.cat\/es\/#\/schema\/person\/9d2139f5f30a106be3559f087f5b65ac\"},\"headline\":\"Sant Jordi nos trae al artista Jean Cocteau\",\"datePublished\":\"2017-04-28T08:48:08+00:00\",\"dateModified\":\"2017-04-28T08:51:27+00:00\",\"mainEntityOfPage\":{\"@id\":\"https:\/\/www.bonvent.cat\/es\/sant-jordi-nos-trae-al-artista-jean-cocteau\/\"},\"wordCount\":342,\"publisher\":{\"@id\":\"https:\/\/www.bonvent.cat\/es\/#organization\"},\"image\":{\"@id\":\"https:\/\/www.bonvent.cat\/es\/sant-jordi-nos-trae-al-artista-jean-cocteau\/#primaryimage\"},\"thumbnailUrl\":\"https:\/\/www.bonvent.cat\/wp-content\/uploads\/2017\/04\/e6d8bb44cc2da807953b4c18d3e4b5dc-240x300.jpg\",\"keywords\":[\"amor\",\"arte\",\"cultura\",\"Medwinds\",\"ropa\",\"Sant Jordi\"],\"articleSection\":[\"Zapatos\"],\"inLanguage\":\"es\"},{\"@type\":\"WebPage\",\"@id\":\"https:\/\/www.bonvent.cat\/es\/sant-jordi-nos-trae-al-artista-jean-cocteau\/\",\"url\":\"https:\/\/www.bonvent.cat\/es\/sant-jordi-nos-trae-al-artista-jean-cocteau\/\",\"name\":\"Sant Jordi nos trae al artista Jean Cocteau - Bon Vent\",\"isPartOf\":{\"@id\":\"https:\/\/www.bonvent.cat\/es\/#website\"},\"primaryImageOfPage\":{\"@id\":\"https:\/\/www.bonvent.cat\/es\/sant-jordi-nos-trae-al-artista-jean-cocteau\/#primaryimage\"},\"image\":{\"@id\":\"https:\/\/www.bonvent.cat\/es\/sant-jordi-nos-trae-al-artista-jean-cocteau\/#primaryimage\"},\"thumbnailUrl\":\"https:\/\/www.bonvent.cat\/wp-content\/uploads\/2017\/04\/e6d8bb44cc2da807953b4c18d3e4b5dc-240x300.jpg\",\"datePublished\":\"2017-04-28T08:48:08+00:00\",\"dateModified\":\"2017-04-28T08:51:27+00:00\",\"description\":\"Sant Jordi es la fiesta del Amor. Enamorados de la cultura, esta temporada presentamos la colecci\u00f3n de ropa de la marca Medwinds inspirada en Jean Cocteau.\",\"breadcrumb\":{\"@id\":\"https:\/\/www.bonvent.cat\/es\/sant-jordi-nos-trae-al-artista-jean-cocteau\/#breadcrumb\"},\"inLanguage\":\"es\",\"potentialAction\":[{\"@type\":\"ReadAction\",\"target\":[\"https:\/\/www.bonvent.cat\/es\/sant-jordi-nos-trae-al-artista-jean-cocteau\/\"]}]},{\"@type\":\"ImageObject\",\"inLanguage\":\"es\",\"@id\":\"https:\/\/www.bonvent.cat\/es\/sant-jordi-nos-trae-al-artista-jean-cocteau\/#primaryimage\",\"url\":\"https:\/\/www.bonvent.cat\/wp-content\/uploads\/2017\/04\/e6d8bb44cc2da807953b4c18d3e4b5dc-240x300.jpg\",\"contentUrl\":\"https:\/\/www.bonvent.cat\/wp-content\/uploads\/2017\/04\/e6d8bb44cc2da807953b4c18d3e4b5dc-240x300.jpg\"},{\"@type\":\"BreadcrumbList\",\"@id\":\"https:\/\/www.bonvent.cat\/es\/sant-jordi-nos-trae-al-artista-jean-cocteau\/#breadcrumb\",\"itemListElement\":[{\"@type\":\"ListItem\",\"position\":1,\"name\":\"Inici\",\"item\":\"https:\/\/www.bonvent.cat\/es\/\"},{\"@type\":\"ListItem\",\"position\":2,\"name\":\"Sant Jordi nos trae al artista Jean Cocteau\"}]},{\"@type\":\"WebSite\",\"@id\":\"https:\/\/www.bonvent.cat\/es\/#website\",\"url\":\"https:\/\/www.bonvent.cat\/es\/\",\"name\":\"Bon Vent\",\"description\":\"Botiga d\u2019inspiraci\u00f3 mediterr\u00e0nia\",\"publisher\":{\"@id\":\"https:\/\/www.bonvent.cat\/es\/#organization\"},\"potentialAction\":[{\"@type\":\"SearchAction\",\"target\":{\"@type\":\"EntryPoint\",\"urlTemplate\":\"https:\/\/www.bonvent.cat\/es\/?s={search_term_string}\"},\"query-input\":{\"@type\":\"PropertyValueSpecification\",\"valueRequired\":true,\"valueName\":\"search_term_string\"}}],\"inLanguage\":\"es\"},{\"@type\":\"Organization\",\"@id\":\"https:\/\/www.bonvent.cat\/es\/#organization\",\"name\":\"Bon Vent\",\"url\":\"https:\/\/www.bonvent.cat\/es\/\",\"logo\":{\"@type\":\"ImageObject\",\"inLanguage\":\"es\",\"@id\":\"https:\/\/www.bonvent.cat\/es\/#\/schema\/logo\/image\/\",\"url\":\"https:\/\/www.bonvent.cat\/wp-content\/uploads\/2021\/11\/logoh.png\",\"contentUrl\":\"https:\/\/www.bonvent.cat\/wp-content\/uploads\/2021\/11\/logoh.png\",\"width\":640,\"height\":121,\"caption\":\"Bon Vent\"},\"image\":{\"@id\":\"https:\/\/www.bonvent.cat\/es\/#\/schema\/logo\/image\/\"},\"sameAs\":[\"https:\/\/www.facebook.com\/bonventbcn?ref=hl\",\"https:\/\/www.instagram.com\/bon_ventbarcelona\/\",\"https:\/\/es.pinterest.com\/BONVENTmed\/\"]},{\"@type\":\"Person\",\"@id\":\"https:\/\/www.bonvent.cat\/es\/#\/schema\/person\/9d2139f5f30a106be3559f087f5b65ac\",\"name\":\"bon vent\",\"sameAs\":[\"http:\/\/www.bonvent.cat\"],\"url\":\"https:\/\/www.bonvent.cat\/es\/author\/bon-vent\/\"}]}<\/script>\n<!-- \/ Yoast SEO plugin. -->","yoast_head_json":{"title":"Sant Jordi nos trae al artista Jean Cocteau - Bon Vent","description":"Sant Jordi es la fiesta del Amor. Enamorados de la cultura, esta temporada presentamos la colecci\u00f3n de ropa de la marca Medwinds inspirada en Jean Cocteau.","robots":{"index":"index","follow":"follow","max-snippet":"max-snippet:-1","max-image-preview":"max-image-preview:large","max-video-preview":"max-video-preview:-1"},"canonical":"https:\/\/www.bonvent.cat\/es\/sant-jordi-nos-trae-al-artista-jean-cocteau\/","og_locale":"es_ES","og_type":"article","og_title":"Sant Jordi nos trae al artista Jean Cocteau - Bon Vent","og_description":"Sant Jordi es la fiesta del Amor. Enamorados de la cultura, esta temporada presentamos la colecci\u00f3n de ropa de la marca Medwinds inspirada en Jean Cocteau.","og_url":"https:\/\/www.bonvent.cat\/es\/sant-jordi-nos-trae-al-artista-jean-cocteau\/","og_site_name":"Bon Vent","article_publisher":"https:\/\/www.facebook.com\/bonventbcn?ref=hl","article_published_time":"2017-04-28T08:48:08+00:00","article_modified_time":"2017-04-28T08:51:27+00:00","author":"bon vent","twitter_misc":{"Escrito por":"bon vent","Tiempo de lectura":"2 minutos"},"schema":{"@context":"https:\/\/schema.org","@graph":[{"@type":"Article","@id":"https:\/\/www.bonvent.cat\/es\/sant-jordi-nos-trae-al-artista-jean-cocteau\/#article","isPartOf":{"@id":"https:\/\/www.bonvent.cat\/es\/sant-jordi-nos-trae-al-artista-jean-cocteau\/"},"author":{"name":"bon vent","@id":"https:\/\/www.bonvent.cat\/es\/#\/schema\/person\/9d2139f5f30a106be3559f087f5b65ac"},"headline":"Sant Jordi nos trae al artista Jean Cocteau","datePublished":"2017-04-28T08:48:08+00:00","dateModified":"2017-04-28T08:51:27+00:00","mainEntityOfPage":{"@id":"https:\/\/www.bonvent.cat\/es\/sant-jordi-nos-trae-al-artista-jean-cocteau\/"},"wordCount":342,"publisher":{"@id":"https:\/\/www.bonvent.cat\/es\/#organization"},"image":{"@id":"https:\/\/www.bonvent.cat\/es\/sant-jordi-nos-trae-al-artista-jean-cocteau\/#primaryimage"},"thumbnailUrl":"https:\/\/www.bonvent.cat\/wp-content\/uploads\/2017\/04\/e6d8bb44cc2da807953b4c18d3e4b5dc-240x300.jpg","keywords":["amor","arte","cultura","Medwinds","ropa","Sant Jordi"],"articleSection":["Zapatos"],"inLanguage":"es"},{"@type":"WebPage","@id":"https:\/\/www.bonvent.cat\/es\/sant-jordi-nos-trae-al-artista-jean-cocteau\/","url":"https:\/\/www.bonvent.cat\/es\/sant-jordi-nos-trae-al-artista-jean-cocteau\/","name":"Sant Jordi nos trae al artista Jean Cocteau - Bon Vent","isPartOf":{"@id":"https:\/\/www.bonvent.cat\/es\/#website"},"primaryImageOfPage":{"@id":"https:\/\/www.bonvent.cat\/es\/sant-jordi-nos-trae-al-artista-jean-cocteau\/#primaryimage"},"image":{"@id":"https:\/\/www.bonvent.cat\/es\/sant-jordi-nos-trae-al-artista-jean-cocteau\/#primaryimage"},"thumbnailUrl":"https:\/\/www.bonvent.cat\/wp-content\/uploads\/2017\/04\/e6d8bb44cc2da807953b4c18d3e4b5dc-240x300.jpg","datePublished":"2017-04-28T08:48:08+00:00","dateModified":"2017-04-28T08:51:27+00:00","description":"Sant Jordi es la fiesta del Amor. Enamorados de la cultura, esta temporada presentamos la colecci\u00f3n de ropa de la marca Medwinds inspirada en Jean Cocteau.","breadcrumb":{"@id":"https:\/\/www.bonvent.cat\/es\/sant-jordi-nos-trae-al-artista-jean-cocteau\/#breadcrumb"},"inLanguage":"es","potentialAction":[{"@type":"ReadAction","target":["https:\/\/www.bonvent.cat\/es\/sant-jordi-nos-trae-al-artista-jean-cocteau\/"]}]},{"@type":"ImageObject","inLanguage":"es","@id":"https:\/\/www.bonvent.cat\/es\/sant-jordi-nos-trae-al-artista-jean-cocteau\/#primaryimage","url":"https:\/\/www.bonvent.cat\/wp-content\/uploads\/2017\/04\/e6d8bb44cc2da807953b4c18d3e4b5dc-240x300.jpg","contentUrl":"https:\/\/www.bonvent.cat\/wp-content\/uploads\/2017\/04\/e6d8bb44cc2da807953b4c18d3e4b5dc-240x300.jpg"},{"@type":"BreadcrumbList","@id":"https:\/\/www.bonvent.cat\/es\/sant-jordi-nos-trae-al-artista-jean-cocteau\/#breadcrumb","itemListElement":[{"@type":"ListItem","position":1,"name":"Inici","item":"https:\/\/www.bonvent.cat\/es\/"},{"@type":"ListItem","position":2,"name":"Sant Jordi nos trae al artista Jean Cocteau"}]},{"@type":"WebSite","@id":"https:\/\/www.bonvent.cat\/es\/#website","url":"https:\/\/www.bonvent.cat\/es\/","name":"Bon Vent","description":"Botiga d\u2019inspiraci\u00f3 mediterr\u00e0nia","publisher":{"@id":"https:\/\/www.bonvent.cat\/es\/#organization"},"potentialAction":[{"@type":"SearchAction","target":{"@type":"EntryPoint","urlTemplate":"https:\/\/www.bonvent.cat\/es\/?s={search_term_string}"},"query-input":{"@type":"PropertyValueSpecification","valueRequired":true,"valueName":"search_term_string"}}],"inLanguage":"es"},{"@type":"Organization","@id":"https:\/\/www.bonvent.cat\/es\/#organization","name":"Bon Vent","url":"https:\/\/www.bonvent.cat\/es\/","logo":{"@type":"ImageObject","inLanguage":"es","@id":"https:\/\/www.bonvent.cat\/es\/#\/schema\/logo\/image\/","url":"https:\/\/www.bonvent.cat\/wp-content\/uploads\/2021\/11\/logoh.png","contentUrl":"https:\/\/www.bonvent.cat\/wp-content\/uploads\/2021\/11\/logoh.png","width":640,"height":121,"caption":"Bon Vent"},"image":{"@id":"https:\/\/www.bonvent.cat\/es\/#\/schema\/logo\/image\/"},"sameAs":["https:\/\/www.facebook.com\/bonventbcn?ref=hl","https:\/\/www.instagram.com\/bon_ventbarcelona\/","https:\/\/es.pinterest.com\/BONVENTmed\/"]},{"@type":"Person","@id":"https:\/\/www.bonvent.cat\/es\/#\/schema\/person\/9d2139f5f30a106be3559f087f5b65ac","name":"bon vent","sameAs":["http:\/\/www.bonvent.cat"],"url":"https:\/\/www.bonvent.cat\/es\/author\/bon-vent\/"}]}},"_links":{"self":[{"href":"https:\/\/www.bonvent.cat\/es\/wp-json\/wp\/v2\/posts\/9943","targetHints":{"allow":["GET"]}}],"collection":[{"href":"https:\/\/www.bonvent.cat\/es\/wp-json\/wp\/v2\/posts"}],"about":[{"href":"https:\/\/www.bonvent.cat\/es\/wp-json\/wp\/v2\/types\/post"}],"author":[{"embeddable":true,"href":"https:\/\/www.bonvent.cat\/es\/wp-json\/wp\/v2\/users\/2"}],"replies":[{"embeddable":true,"href":"https:\/\/www.bonvent.cat\/es\/wp-json\/wp\/v2\/comments?post=9943"}],"version-history":[{"count":0,"href":"https:\/\/www.bonvent.cat\/es\/wp-json\/wp\/v2\/posts\/9943\/revisions"}],"wp:attachment":[{"href":"https:\/\/www.bonvent.cat\/es\/wp-json\/wp\/v2\/media?parent=9943"}],"wp:term":[{"taxonomy":"category","embeddable":true,"href":"https:\/\/www.bonvent.cat\/es\/wp-json\/wp\/v2\/categories?post=9943"},{"taxonomy":"post_tag","embeddable":true,"href":"https:\/\/www.bonvent.cat\/es\/wp-json\/wp\/v2\/tags?post=9943"}],"curies":[{"name":"wp","href":"https:\/\/api.w.org\/{rel}","templated":true}]}}